{"id":4307,"date":"2019-11-01T10:41:46","date_gmt":"2019-11-01T09:41:46","guid":{"rendered":"https:\/\/www.sub360.ch\/2019\/4307-haelg-group-eroeffnet-neuen-standort-in-freiburg"},"modified":"2021-07-29T09:09:44","modified_gmt":"2021-07-29T07:09:44","slug":"haelg-group-eroeffnet-neuen-standort-in-freiburg","status":"publish","type":"post","link":"https:\/\/www.sub360.ch\/fr\/2019\/4307-haelg-group-eroeffnet-neuen-standort-in-freiburg","title":{"rendered":"Le groupe H\u00e4lg ouvre un nouveau site \u00e0 Freiburg"},"content":{"rendered":"\n<p>St.Gallen, juillet 2021.<\/p>\n\n\n\n<p>L&rsquo;entreprise de technique du b\u00e2timent H\u00e4lg Group ouvre un nouveau site pour son domaine d&rsquo;activit\u00e9 automatisation des b\u00e2timents \u00e0 Fribourg-Givisiez. Il s&rsquo;agit du septi\u00e8me site de H\u00e4lg Building Automation et du deuxi\u00e8me en Suisse romande.<\/p>\n\n\n\n<p><p>L&rsquo;entreprise d&rsquo;automatisation des b\u00e2timents\u00a0<a rel=\"noreferrer noopener\" href=\"https:\/\/haelg.ch\/\" target=\"_blank\">H\u00e4lg Group<\/a>\u00a0bas\u00e9e \u00e0 Saint-Gall ouvre un nouveau site \u00e0 Fribourg-Givisiez, \u00e9tendant ainsi son r\u00e9seau dans ce segment d&rsquo;activit\u00e9. Selon\u00a0<a rel=\"noreferrer noopener\" href=\"https:\/\/haelg.ch\/wp-content\/uploads\/2021\/07\/Medienmitteilung_Gebaeudeautomation_neu_in_Fribourg.pdf\" target=\"_blank\">le communiqu\u00e9 de presse<\/a>\u00a0Fribourg est le septi\u00e8me site. Jusqu&rsquo;\u00e0 pr\u00e9sent, la\u00a0<a rel=\"noreferrer noopener\" href=\"https:\/\/haelg.ch\/gebaeudetechnik\/\" target=\"_blank\">H\u00e4lg Geb\u00e4udeautomation<\/a>\u00a0\u00e9tait repr\u00e9sent\u00e9e avec ses propres sites \u00e0 Saint-Gall, Lucerne, Zurich, B\u00e2le, Coire et Gen\u00e8ve.<\/p>Depuis le nouveau site, la construction des installations doit \u00eatre exploit\u00e9e dans les r\u00e9gions de Fribourg, Neuch\u00e2tel et Lausanne. Avec le site existant \u00e0 Gen\u00e8ve, H\u00e4lg Geb\u00e4udeautomation serait ainsi repr\u00e9sent\u00e9e dans toute la Suisse occidentale. D\u00e8s le 1er septembre, une \u00e9quipe de quatre personnes sera sur place. Le premier employ\u00e9 a d\u00e9j\u00e0 commenc\u00e9 \u00e0 travailler.<\/p>\n\n\n\n<p>H\u00e4lg souligne dans le communiqu\u00e9 de presse que l&rsquo;\u00e9quipe de Fribourg-Givisiez est int\u00e9gr\u00e9e dans\u00a0le r\u00e9seau de Building Automation Switzerland. Les employ\u00e9s des diff\u00e9rents sites \u00e9changent des informations. Cela signifie que H\u00e4lg &amp;amp ; Co. AG Geb\u00e4udeautomation a acc\u00e8s \u00e0 l&rsquo;\u00e9quipe d&rsquo;automatisation des b\u00e2timents dans toute la Suisse en plus de l&rsquo;\u00e9quipe sur place.<\/p>\n\n\n\n<p>L&rsquo;entreprise familiale H\u00e4lg sera g\u00e9r\u00e9e par les propri\u00e9taires de la quatri\u00e8me g\u00e9n\u00e9ration, pr\u00e9cise le communiqu\u00e9. L&rsquo;objectif de l&rsquo;entreprise est de faire du groupe H\u00e4lg le premier prestataire suisse de services en mati\u00e8re de technique du b\u00e2timent dans le domaine du chauffage, de la ventilation, de la climatisation, de la r\u00e9frig\u00e9ration et de l&rsquo;assainissement sur l&rsquo;ensemble du cycle de vie d&rsquo;une installation.<\/p>\n\n\n\n<p>Le groupe de soci\u00e9t\u00e9s dit employer 1125 personnes sur 22 sites en Suisse et avoir r\u00e9alis\u00e9 un chiffre d&rsquo;affaires de 312 millions de francs suisses en 2020.<\/p>\n","protected":false},"excerpt":{"rendered":"<p>St.Gallen, juillet 2021. L&rsquo;entreprise de technique du b\u00e2timent H\u00e4lg Group ouvre un nouveau site pour son domaine d&rsquo;activit\u00e9 automatisation des b\u00e2timents \u00e0 Fribourg-Givisiez. Il s&rsquo;agit du septi\u00e8me site de H\u00e4lg Building Automation et du deuxi\u00e8me en Suisse romande. L&rsquo;entreprise d&rsquo;automatisation des b\u00e2timents\u00a0H\u00e4lg Group\u00a0bas\u00e9e \u00e0 Saint-Gall ouvre un nouveau site \u00e0 Fribourg-Givisiez, \u00e9tendant ainsi son r\u00e9seau [&hellip;]<\/p>\n","protected":false},"author":1,"featured_media":3506,"comment_status":"closed","ping_status":"closed","sticky":false,"template":"","format":"standard","meta":{"inline_featured_image":false},"categories":[39],"tags":[],"yoast_head":"<!-- This site is optimized with the Yoast SEO plugin v19.5.1 - https:\/\/yoast.com\/wordpress\/plugins\/seo\/ -->\n<title>Le groupe H\u00e4lg ouvre un nouveau site \u00e0 Freiburg - sub360.ch<\/title>\n<meta name=\"robots\" content=\"index, follow, max-snippet:-1, max-image-preview:large, max-video-preview:-1\" \/>\n<link rel=\"canonical\" href=\"https:\/\/www.sub360.ch\/fr\/2019\/4307-haelg-group-eroeffnet-neuen-standort-in-freiburg\" \/>\n<meta property=\"og:locale\" content=\"fr_FR\" \/>\n<meta property=\"og:type\" content=\"article\" \/>\n<meta property=\"og:title\" content=\"Le groupe H\u00e4lg ouvre un nouveau site \u00e0 Freiburg - sub360.ch\" \/>\n<meta property=\"og:description\" content=\"St.Gallen, juillet 2021. L&rsquo;entreprise de technique du b\u00e2timent H\u00e4lg Group ouvre un nouveau site pour son domaine d&rsquo;activit\u00e9 automatisation des b\u00e2timents \u00e0 Fribourg-Givisiez. Il s&rsquo;agit du septi\u00e8me site de H\u00e4lg Building Automation et du deuxi\u00e8me en Suisse romande. L&rsquo;entreprise d&rsquo;automatisation des b\u00e2timents\u00a0H\u00e4lg Group\u00a0bas\u00e9e \u00e0 Saint-Gall ouvre un nouveau site \u00e0 Fribourg-Givisiez, \u00e9tendant ainsi son r\u00e9seau [&hellip;]\" \/>\n<meta property=\"og:url\" content=\"https:\/\/www.sub360.ch\/fr\/2019\/4307-haelg-group-eroeffnet-neuen-standort-in-freiburg\" \/>\n<meta property=\"og:site_name\" content=\"sub360.ch\" \/>\n<meta property=\"article:publisher\" content=\"https:\/\/www.facebook.com\/sub360ch-109756541395501\/\" \/>\n<meta property=\"article:published_time\" content=\"2019-11-01T09:41:46+00:00\" \/>\n<meta property=\"article:modified_time\" content=\"2021-07-29T07:09:44+00:00\" \/>\n<meta property=\"og:image\" content=\"https:\/\/vergabe.ch\/wp-content\/uploads\/2019\/11\/standort-2-916x480-1.jpg\" \/>\n\t<meta property=\"og:image:width\" content=\"916\" \/>\n\t<meta property=\"og:image:height\" content=\"480\" \/>\n\t<meta property=\"og:image:type\" content=\"image\/jpeg\" \/>\n<meta name=\"author\" content=\"sub360admin\" \/>\n<meta name=\"twitter:card\" content=\"summary_large_image\" \/>\n<meta name=\"twitter:label1\" content=\"\u00c9crit par\" \/>\n\t<meta name=\"twitter:data1\" content=\"sub360admin\" \/>\n\t<meta name=\"twitter:label2\" content=\"Dur\u00e9e de lecture estim\u00e9e\" \/>\n\t<meta name=\"twitter:data2\" content=\"2 minutes\" \/>\n<script type=\"application\/ld+json\" class=\"yoast-schema-graph\">{\"@context\":\"https:\/\/schema.org\",\"@graph\":[{\"@type\":\"Article\",\"@id\":\"https:\/\/www.sub360.ch\/fr\/2019\/4307-haelg-group-eroeffnet-neuen-standort-in-freiburg#article\",\"isPartOf\":{\"@id\":\"https:\/\/www.sub360.ch\/fr\/2019\/4307-haelg-group-eroeffnet-neuen-standort-in-freiburg\"},\"author\":{\"name\":\"sub360admin\",\"@id\":\"https:\/\/www.sub360.ch\/fr#\/schema\/person\/4e694c5ad2d95069c580ad05e3b5d00c\"},\"headline\":\"Le groupe H\u00e4lg ouvre un nouveau site \u00e0 Freiburg\",\"datePublished\":\"2019-11-01T09:41:46+00:00\",\"dateModified\":\"2021-07-29T07:09:44+00:00\",\"mainEntityOfPage\":{\"@id\":\"https:\/\/www.sub360.ch\/fr\/2019\/4307-haelg-group-eroeffnet-neuen-standort-in-freiburg\"},\"wordCount\":342,\"publisher\":{\"@id\":\"https:\/\/www.sub360.ch\/fr#organization\"},\"articleSection\":[\"Non classifi\u00e9(e)\"],\"inLanguage\":\"fr-FR\"},{\"@type\":\"WebPage\",\"@id\":\"https:\/\/www.sub360.ch\/fr\/2019\/4307-haelg-group-eroeffnet-neuen-standort-in-freiburg\",\"url\":\"https:\/\/www.sub360.ch\/fr\/2019\/4307-haelg-group-eroeffnet-neuen-standort-in-freiburg\",\"name\":\"Le groupe H\u00e4lg ouvre un nouveau site \u00e0 Freiburg - sub360.ch\",\"isPartOf\":{\"@id\":\"https:\/\/www.sub360.ch\/fr#website\"},\"datePublished\":\"2019-11-01T09:41:46+00:00\",\"dateModified\":\"2021-07-29T07:09:44+00:00\",\"breadcrumb\":{\"@id\":\"https:\/\/www.sub360.ch\/fr\/2019\/4307-haelg-group-eroeffnet-neuen-standort-in-freiburg#breadcrumb\"},\"inLanguage\":\"fr-FR\",\"potentialAction\":[{\"@type\":\"ReadAction\",\"target\":[\"https:\/\/www.sub360.ch\/fr\/2019\/4307-haelg-group-eroeffnet-neuen-standort-in-freiburg\"]}]},{\"@type\":\"BreadcrumbList\",\"@id\":\"https:\/\/www.sub360.ch\/fr\/2019\/4307-haelg-group-eroeffnet-neuen-standort-in-freiburg#breadcrumb\",\"itemListElement\":[{\"@type\":\"ListItem\",\"position\":1,\"name\":\"Home\",\"item\":\"https:\/\/www.sub360.ch\/fr\/software-hub-homepage\"},{\"@type\":\"ListItem\",\"position\":2,\"name\":\"Le groupe H\u00e4lg ouvre un nouveau site \u00e0 Freiburg\"}]},{\"@type\":\"WebSite\",\"@id\":\"https:\/\/www.sub360.ch\/fr#website\",\"url\":\"https:\/\/www.sub360.ch\/fr\",\"name\":\"sub360.ch\",\"description\":\"Plattform f\u00fcr Subunternehmen und Auftraggeber\",\"publisher\":{\"@id\":\"https:\/\/www.sub360.ch\/fr#organization\"},\"potentialAction\":[{\"@type\":\"SearchAction\",\"target\":{\"@type\":\"EntryPoint\",\"urlTemplate\":\"https:\/\/www.sub360.ch\/fr?s={search_term_string}\"},\"query-input\":\"required name=search_term_string\"}],\"inLanguage\":\"fr-FR\"},{\"@type\":\"Organization\",\"@id\":\"https:\/\/www.sub360.ch\/fr#organization\",\"name\":\"sub360.ch\",\"url\":\"https:\/\/www.sub360.ch\/fr\",\"sameAs\":[\"https:\/\/www.instagram.com\/sub360.ch\/\",\"https:\/\/www.linkedin.com\/company\/sub360-ag\",\"https:\/\/www.facebook.com\/sub360ch-109756541395501\/\"],\"logo\":{\"@type\":\"ImageObject\",\"inLanguage\":\"fr-FR\",\"@id\":\"https:\/\/www.sub360.ch\/fr#\/schema\/logo\/image\/\",\"url\":\"https:\/\/www.sub360.ch\/wp-content\/uploads\/2021\/07\/Logo_Slogan_Sub360_pos_rgb.svg\",\"contentUrl\":\"https:\/\/www.sub360.ch\/wp-content\/uploads\/2021\/07\/Logo_Slogan_Sub360_pos_rgb.svg\",\"width\":\"1024\",\"height\":\"1024\",\"caption\":\"sub360.ch\"},\"image\":{\"@id\":\"https:\/\/www.sub360.ch\/fr#\/schema\/logo\/image\/\"}},{\"@type\":\"Person\",\"@id\":\"https:\/\/www.sub360.ch\/fr#\/schema\/person\/4e694c5ad2d95069c580ad05e3b5d00c\",\"name\":\"sub360admin\",\"image\":{\"@type\":\"ImageObject\",\"inLanguage\":\"fr-FR\",\"@id\":\"https:\/\/www.sub360.ch\/fr#\/schema\/person\/image\/\",\"url\":\"https:\/\/secure.gravatar.com\/avatar\/b3ec7065a54411952a30bf73fba736e0?s=96&d=blank&r=g\",\"contentUrl\":\"https:\/\/secure.gravatar.com\/avatar\/b3ec7065a54411952a30bf73fba736e0?s=96&d=blank&r=g\",\"caption\":\"sub360admin\"},\"sameAs\":[\"http:\/\/www.sub360.ch\"],\"url\":\"https:\/\/www.sub360.ch\/fr\/author\/sub360admin\"}]}<\/script>\n<!-- \/ Yoast SEO plugin. -->","yoast_head_json":{"title":"Le groupe H\u00e4lg ouvre un nouveau site \u00e0 Freiburg - sub360.ch","robots":{"index":"index","follow":"follow","max-snippet":"max-snippet:-1","max-image-preview":"max-image-preview:large","max-video-preview":"max-video-preview:-1"},"canonical":"https:\/\/www.sub360.ch\/fr\/2019\/4307-haelg-group-eroeffnet-neuen-standort-in-freiburg","og_locale":"fr_FR","og_type":"article","og_title":"Le groupe H\u00e4lg ouvre un nouveau site \u00e0 Freiburg - sub360.ch","og_description":"St.Gallen, juillet 2021. L&rsquo;entreprise de technique du b\u00e2timent H\u00e4lg Group ouvre un nouveau site pour son domaine d&rsquo;activit\u00e9 automatisation des b\u00e2timents \u00e0 Fribourg-Givisiez. Il s&rsquo;agit du septi\u00e8me site de H\u00e4lg Building Automation et du deuxi\u00e8me en Suisse romande. L&rsquo;entreprise d&rsquo;automatisation des b\u00e2timents\u00a0H\u00e4lg Group\u00a0bas\u00e9e \u00e0 Saint-Gall ouvre un nouveau site \u00e0 Fribourg-Givisiez, \u00e9tendant ainsi son r\u00e9seau [&hellip;]","og_url":"https:\/\/www.sub360.ch\/fr\/2019\/4307-haelg-group-eroeffnet-neuen-standort-in-freiburg","og_site_name":"sub360.ch","article_publisher":"https:\/\/www.facebook.com\/sub360ch-109756541395501\/","article_published_time":"2019-11-01T09:41:46+00:00","article_modified_time":"2021-07-29T07:09:44+00:00","og_image":[{"width":916,"height":480,"url":"https:\/\/vergabe.ch\/wp-content\/uploads\/2019\/11\/standort-2-916x480-1.jpg","type":"image\/jpeg"}],"author":"sub360admin","twitter_card":"summary_large_image","twitter_misc":{"\u00c9crit par":"sub360admin","Dur\u00e9e de lecture estim\u00e9e":"2 minutes"},"schema":{"@context":"https:\/\/schema.org","@graph":[{"@type":"Article","@id":"https:\/\/www.sub360.ch\/fr\/2019\/4307-haelg-group-eroeffnet-neuen-standort-in-freiburg#article","isPartOf":{"@id":"https:\/\/www.sub360.ch\/fr\/2019\/4307-haelg-group-eroeffnet-neuen-standort-in-freiburg"},"author":{"name":"sub360admin","@id":"https:\/\/www.sub360.ch\/fr#\/schema\/person\/4e694c5ad2d95069c580ad05e3b5d00c"},"headline":"Le groupe H\u00e4lg ouvre un nouveau site \u00e0 Freiburg","datePublished":"2019-11-01T09:41:46+00:00","dateModified":"2021-07-29T07:09:44+00:00","mainEntityOfPage":{"@id":"https:\/\/www.sub360.ch\/fr\/2019\/4307-haelg-group-eroeffnet-neuen-standort-in-freiburg"},"wordCount":342,"publisher":{"@id":"https:\/\/www.sub360.ch\/fr#organization"},"articleSection":["Non classifi\u00e9(e)"],"inLanguage":"fr-FR"},{"@type":"WebPage","@id":"https:\/\/www.sub360.ch\/fr\/2019\/4307-haelg-group-eroeffnet-neuen-standort-in-freiburg","url":"https:\/\/www.sub360.ch\/fr\/2019\/4307-haelg-group-eroeffnet-neuen-standort-in-freiburg","name":"Le groupe H\u00e4lg ouvre un nouveau site \u00e0 Freiburg - sub360.ch","isPartOf":{"@id":"https:\/\/www.sub360.ch\/fr#website"},"datePublished":"2019-11-01T09:41:46+00:00","dateModified":"2021-07-29T07:09:44+00:00","breadcrumb":{"@id":"https:\/\/www.sub360.ch\/fr\/2019\/4307-haelg-group-eroeffnet-neuen-standort-in-freiburg#breadcrumb"},"inLanguage":"fr-FR","potentialAction":[{"@type":"ReadAction","target":["https:\/\/www.sub360.ch\/fr\/2019\/4307-haelg-group-eroeffnet-neuen-standort-in-freiburg"]}]},{"@type":"BreadcrumbList","@id":"https:\/\/www.sub360.ch\/fr\/2019\/4307-haelg-group-eroeffnet-neuen-standort-in-freiburg#breadcrumb","itemListElement":[{"@type":"ListItem","position":1,"name":"Home","item":"https:\/\/www.sub360.ch\/fr\/software-hub-homepage"},{"@type":"ListItem","position":2,"name":"Le groupe H\u00e4lg ouvre un nouveau site \u00e0 Freiburg"}]},{"@type":"WebSite","@id":"https:\/\/www.sub360.ch\/fr#website","url":"https:\/\/www.sub360.ch\/fr","name":"sub360.ch","description":"Plattform f\u00fcr Subunternehmen und Auftraggeber","publisher":{"@id":"https:\/\/www.sub360.ch\/fr#organization"},"potentialAction":[{"@type":"SearchAction","target":{"@type":"EntryPoint","urlTemplate":"https:\/\/www.sub360.ch\/fr?s={search_term_string}"},"query-input":"required name=search_term_string"}],"inLanguage":"fr-FR"},{"@type":"Organization","@id":"https:\/\/www.sub360.ch\/fr#organization","name":"sub360.ch","url":"https:\/\/www.sub360.ch\/fr","sameAs":["https:\/\/www.instagram.com\/sub360.ch\/","https:\/\/www.linkedin.com\/company\/sub360-ag","https:\/\/www.facebook.com\/sub360ch-109756541395501\/"],"logo":{"@type":"ImageObject","inLanguage":"fr-FR","@id":"https:\/\/www.sub360.ch\/fr#\/schema\/logo\/image\/","url":"https:\/\/www.sub360.ch\/wp-content\/uploads\/2021\/07\/Logo_Slogan_Sub360_pos_rgb.svg","contentUrl":"https:\/\/www.sub360.ch\/wp-content\/uploads\/2021\/07\/Logo_Slogan_Sub360_pos_rgb.svg","width":"1024","height":"1024","caption":"sub360.ch"},"image":{"@id":"https:\/\/www.sub360.ch\/fr#\/schema\/logo\/image\/"}},{"@type":"Person","@id":"https:\/\/www.sub360.ch\/fr#\/schema\/person\/4e694c5ad2d95069c580ad05e3b5d00c","name":"sub360admin","image":{"@type":"ImageObject","inLanguage":"fr-FR","@id":"https:\/\/www.sub360.ch\/fr#\/schema\/person\/image\/","url":"https:\/\/secure.gravatar.com\/avatar\/b3ec7065a54411952a30bf73fba736e0?s=96&d=blank&r=g","contentUrl":"https:\/\/secure.gravatar.com\/avatar\/b3ec7065a54411952a30bf73fba736e0?s=96&d=blank&r=g","caption":"sub360admin"},"sameAs":["http:\/\/www.sub360.ch"],"url":"https:\/\/www.sub360.ch\/fr\/author\/sub360admin"}]}},"_links":{"self":[{"href":"https:\/\/www.sub360.ch\/fr\/wp-json\/wp\/v2\/posts\/4307"}],"collection":[{"href":"https:\/\/www.sub360.ch\/fr\/wp-json\/wp\/v2\/posts"}],"about":[{"href":"https:\/\/www.sub360.ch\/fr\/wp-json\/wp\/v2\/types\/post"}],"author":[{"embeddable":true,"href":"https:\/\/www.sub360.ch\/fr\/wp-json\/wp\/v2\/users\/1"}],"replies":[{"embeddable":true,"href":"https:\/\/www.sub360.ch\/fr\/wp-json\/wp\/v2\/comments?post=4307"}],"version-history":[{"count":0,"href":"https:\/\/www.sub360.ch\/fr\/wp-json\/wp\/v2\/posts\/4307\/revisions"}],"wp:featuredmedia":[{"embeddable":true,"href":"https:\/\/www.sub360.ch\/fr\/wp-json\/wp\/v2\/media\/3506"}],"wp:attachment":[{"href":"https:\/\/www.sub360.ch\/fr\/wp-json\/wp\/v2\/media?parent=4307"}],"wp:term":[{"taxonomy":"category","embeddable":true,"href":"https:\/\/www.sub360.ch\/fr\/wp-json\/wp\/v2\/categories?post=4307"},{"taxonomy":"post_tag","embeddable":true,"href":"https:\/\/www.sub360.ch\/fr\/wp-json\/wp\/v2\/tags?post=4307"}],"curies":[{"name":"wp","href":"https:\/\/api.w.org\/{rel}","templated":true}]}}