{"id":4286,"date":"2021-07-21T09:33:07","date_gmt":"2021-07-21T07:33:07","guid":{"rendered":"https:\/\/www.sub360.ch\/2021\/4286-schweizerischer-baumeisterverband-fordert-am-tag-der-bauwirtschaft-modernisierung-des-gebaeudeparks"},"modified":"2022-07-06T15:52:16","modified_gmt":"2022-07-06T13:52:16","slug":"schweizerischer-baumeisterverband-fordert-am-tag-der-bauwirtschaft-modernisierung-des-gebaeudeparks","status":"publish","type":"post","link":"https:\/\/www.sub360.ch\/fr\/2021\/4286-schweizerischer-baumeisterverband-fordert-am-tag-der-bauwirtschaft-modernisierung-des-gebaeudeparks","title":{"rendered":"L&rsquo;Association suisse des ma\u00eetres d&rsquo;ouvrage appelle \u00e0 la modernisation du parc immobilier \u00e0 l&rsquo;occasion de la Journ\u00e9e de la construction"},"content":{"rendered":"&#13;\n<p><strong>Um die Klimaziele zu erreichen, die Ressource Boden zu schonen und gleichzeitig der Bev\u00f6lkerung den ben\u00f6tigten Wohnraum zur Verf\u00fcgung stellen zu k\u00f6nnen, braucht es zwingend eine Offensive in der Modernisierung des Geb\u00e4udeparks \u2013 insbesondere im urbanen Gebiet, aber nicht ausschliesslich. Dies ist die Hauptbotschaft des Schweizerischen Baumeisterverbands (SBV) zum Tag der Bauwirtschaft. Corona-bedingt findet er in moderner Form als medialer Anlass statt. Ehrengast ist 2021 der Schweizerische Ingenieur- und Architektenverein (SIA).<\/strong><strong>Ersatzneubauten sorgen f\u00fcr grossen Spareffekt<\/strong><\/p>&#13;\n&#13;\n<p>Mit einer zukunftsgerichteten Bauwirtschaft mit modernster Technologie kann die Bauwirtschaft alte Geb\u00e4ude und Quartiere in moderne und energieeffiziente Lebensr\u00e4ume umwandeln. Denn der Schweizer Geb\u00e4udepark ist \u00fcberaltert. Er ist f\u00fcr rund 45 Prozent des Energieverbrauchs und f\u00fcr rund einen Viertel der CO2-Emissionen verantwortlich. Die Sanierungsquote liegt heute tief unter 1 Prozent. Will die Schweiz ihre Ziele mit dem gesetzten CO2-Gesetz erreichen, braucht es dazu eine substanzielle Steigerung an energetischen Sanierungen. Da ein modernes Geb\u00e4ude zwischen vier- und siebenmal weniger Energie verbraucht als ein Geb\u00e4ude mit Baujahr 1980 und fr\u00fcher, k\u00f6nnen gerade Ersatzneubauten einen entscheidenden Beitrag zum Erreichen der Klimaziele in der Schweiz leisten.<\/p>&#13;\n&#13;\n<p>Die Bauwirtschaft sieht sich als Schl\u00fcsselbranche und als wichtiger Teil der L\u00f6sung, um zusammen mit den \u00f6ffentlichen und privaten Bauherren Verdichtung mit Lebensqualit\u00e4t zu realisieren. Die Bauwirtschaft orientiert sich bei ihrer Arbeit selbstverst\u00e4ndlich an den Bed\u00fcrfnissen der Bev\u00f6lkerung. Wohnen gewinnt an Bedeutung. Arbeiten im Homeoffice f\u00fchrt zu Bedarf an mehr Wohnfl\u00e4che. Der Bedarf an attraktivem und bezahlbarem Wohnraum nimmt insbesondere in den St\u00e4dten und Agglomerationen zu, wo die Bev\u00f6lkerung prim\u00e4r Wachstum w\u00fcnscht und wo gem\u00e4ss Bev\u00f6lkerungsentwicklung der gr\u00f6sste Zuwachs erwartet wird.<strong>Unzweckm\u00e4ssige Bauvorschriften gilt es zu beseitigen<\/strong><\/p>&#13;\n&#13;\n<p>Die Wichtigkeit und der Nutzen f\u00fcr eine Offensive bei der Modernisierung des Geb\u00e4udeparks in den Bereichen Klimaziele, schonender Umgang mit der Ressource Boden und somit Verdichtung sind zwar breit anerkannt. Doch die Baubranche und mit ihr die Bauherren, die Politik und die \u00f6ffentliche Hand m\u00fcssen die Instrumente und Rahmenbedingungen so setzen und verbessern, damit zukunftsgerechtes Bauen in sinnvoller Frist m\u00f6glich wird.<\/p>&#13;\n&#13;\n<p>Ganz generell bestehen noch sehr viele Hindernisse zur verdichteten Bauweise, welche eine gr\u00f6ssere Ausn\u00fctzung mit sich bringt. Ausn\u00fctzungsziffern, Grenzabst\u00e4nde, H\u00f6henbegrenzungen, Abweichungen von Regelbauweisen und weitere unzweckm\u00e4ssige Bauvorschriften sind an der Tagesordnung und behindern damit die Siedlungsentwicklung gegen innen. Hier sind insbesondere die Kantonsregierungen gefragt, solche Hindernisse zu beseitigen. Gleichzeitig m\u00fcssen die Gemeinden ihre Kompetenzen erh\u00f6hen, denn die Baubewilligungsprozesse sind aufgrund L\u00e4rmschutzverordnungen, Ortsbildschutz oder Schattenwurfregelungen sehr komplex geworden. Und nicht zuletzt k\u00f6nnen Privatpersonen und Verb\u00e4nde viel zu einfach Bauprojekte mit Einsprachen belegen und sie damit auf Jahre hinausz\u00f6gern. Die H\u00fcrden f\u00fcr das Einreichen einer Einsprache sind zu tief und die Konsequenzen einer verlorenen Einsprache zu niedrig.<\/p>&#13;\n&#13;\n<p>Damit Investitionen in Verdichtungsprojekte f\u00fcr private und \u00f6ffentliche Bauherren attraktiv bleiben, m\u00fcssen Politik und \u00f6ffentliche Hand die Instrumente und Rahmenbedingungen verbessern.<strong>Eigene Website zum Tag der Bauwirtschaft 2021<\/strong><\/p>&#13;\n&#13;\n<p>La Journ\u00e9e de la construction veut se positionner comme le forum par excellence des ma\u00eetres d&rsquo;ouvrage, des planificateurs et des ma\u00eetres d&rsquo;\u0153uvre. C&rsquo;est pourquoi elle aura lieu en 2021, malgr\u00e9 la pand\u00e9mie de Corona. Ceci sous une forme moderne en tant qu&rsquo;\u00e9v\u00e9nement m\u00e9diatique. Sur le site Internet <a href=\"http:\/\/www.tagderbauwirtschaft.ch\/\" target=\"_blank\" rel=\"noreferrer noopener\">www.tagderbauwirtschaft.ch<\/a> cr\u00e9\u00e9 sp\u00e9cialement pour cet \u00e9v\u00e9nement, la SSE publiera en continu jusqu&rsquo;au vendredi 25 juin 2021 de nouveaux contenus tels qu&rsquo;un d\u00e9bat vid\u00e9o de plusieurs experts de la construction, des reportages vid\u00e9o et radio, des textes et une d\u00e9claration vid\u00e9o du pr\u00e9sident central de la SSE Gian-Luca Lardi avec des revendications politiques. Les contenus seront bien entendu \u00e9galement disponibles pour toutes les personnes int\u00e9ress\u00e9es apr\u00e8s le 25 juin 2021.<\/p>&#13;\n&#13;\n<p><em>Quelle: www.tagderbauwirtschaft.ch<\/em><\/p>&#13;\n","protected":false},"excerpt":{"rendered":"<p>&#13; Um die Klimaziele zu erreichen, die Ressource Boden zu schonen und gleichzeitig der Bev\u00f6lkerung den ben\u00f6tigten Wohnraum zur Verf\u00fcgung stellen zu k\u00f6nnen, braucht es zwingend eine Offensive in der Modernisierung des Geb\u00e4udeparks \u2013 insbesondere im urbanen Gebiet, aber nicht ausschliesslich. Dies ist die Hauptbotschaft des Schweizerischen Baumeisterverbands (SBV) zum Tag der Bauwirtschaft. Corona-bedingt findet [&hellip;]<\/p>\n","protected":false},"author":50,"featured_media":3627,"comment_status":"closed","ping_status":"closed","sticky":false,"template":"","format":"standard","meta":{"inline_featured_image":false},"categories":[39],"tags":[],"yoast_head":"<!-- This site is optimized with the Yoast SEO plugin v19.5.1 - https:\/\/yoast.com\/wordpress\/plugins\/seo\/ -->\n<title>L&#039;Association suisse des ma\u00eetres d&#039;ouvrage appelle \u00e0 la modernisation du parc immobilier \u00e0 l&#039;occasion de la Journ\u00e9e de la construction - sub360.ch<\/title>\n<meta name=\"robots\" content=\"index, follow, max-snippet:-1, max-image-preview:large, max-video-preview:-1\" \/>\n<link rel=\"canonical\" href=\"https:\/\/www.sub360.ch\/fr\/2021\/4286-schweizerischer-baumeisterverband-fordert-am-tag-der-bauwirtschaft-modernisierung-des-gebaeudeparks\" \/>\n<meta property=\"og:locale\" content=\"fr_FR\" \/>\n<meta property=\"og:type\" content=\"article\" \/>\n<meta property=\"og:title\" content=\"L&#039;Association suisse des ma\u00eetres d&#039;ouvrage appelle \u00e0 la modernisation du parc immobilier \u00e0 l&#039;occasion de la Journ\u00e9e de la construction - sub360.ch\" \/>\n<meta property=\"og:description\" content=\"&#013; Um die Klimaziele zu erreichen, die Ressource Boden zu schonen und gleichzeitig der Bev\u00f6lkerung den ben\u00f6tigten Wohnraum zur Verf\u00fcgung stellen zu k\u00f6nnen, braucht es zwingend eine Offensive in der Modernisierung des Geb\u00e4udeparks \u2013 insbesondere im urbanen Gebiet, aber nicht ausschliesslich. Dies ist die Hauptbotschaft des Schweizerischen Baumeisterverbands (SBV) zum Tag der Bauwirtschaft. Corona-bedingt findet [&hellip;]\" \/>\n<meta property=\"og:url\" content=\"https:\/\/www.sub360.ch\/fr\/2021\/4286-schweizerischer-baumeisterverband-fordert-am-tag-der-bauwirtschaft-modernisierung-des-gebaeudeparks\" \/>\n<meta property=\"og:site_name\" content=\"sub360.ch\" \/>\n<meta property=\"article:publisher\" content=\"https:\/\/www.facebook.com\/sub360ch-109756541395501\/\" \/>\n<meta property=\"article:published_time\" content=\"2021-07-21T07:33:07+00:00\" \/>\n<meta property=\"article:modified_time\" content=\"2022-07-06T13:52:16+00:00\" \/>\n<meta property=\"og:image\" content=\"https:\/\/www.sub360.ch\/wp-content\/uploads\/2021\/07\/Photo_TdB_light-scaled-1.jpg\" \/>\n\t<meta property=\"og:image:width\" content=\"2560\" \/>\n\t<meta property=\"og:image:height\" content=\"1707\" \/>\n\t<meta property=\"og:image:type\" content=\"image\/jpeg\" \/>\n<meta name=\"author\" content=\"sub360user\" \/>\n<meta name=\"twitter:card\" content=\"summary_large_image\" \/>\n<meta name=\"twitter:label1\" content=\"\u00c9crit par\" \/>\n\t<meta name=\"twitter:data1\" content=\"sub360user\" \/>\n\t<meta name=\"twitter:label2\" content=\"Dur\u00e9e de lecture estim\u00e9e\" \/>\n\t<meta name=\"twitter:data2\" content=\"3 minutes\" \/>\n<script type=\"application\/ld+json\" class=\"yoast-schema-graph\">{\"@context\":\"https:\/\/schema.org\",\"@graph\":[{\"@type\":\"Article\",\"@id\":\"https:\/\/www.sub360.ch\/fr\/2021\/4286-schweizerischer-baumeisterverband-fordert-am-tag-der-bauwirtschaft-modernisierung-des-gebaeudeparks#article\",\"isPartOf\":{\"@id\":\"https:\/\/www.sub360.ch\/fr\/2021\/4286-schweizerischer-baumeisterverband-fordert-am-tag-der-bauwirtschaft-modernisierung-des-gebaeudeparks\"},\"author\":{\"name\":\"sub360user\",\"@id\":\"https:\/\/www.sub360.ch\/fr#\/schema\/person\/f206a49451274016ddc5ead6645d379d\"},\"headline\":\"L&rsquo;Association suisse des ma\u00eetres d&rsquo;ouvrage appelle \u00e0 la modernisation du parc immobilier \u00e0 l&rsquo;occasion de la Journ\u00e9e de la construction\",\"datePublished\":\"2021-07-21T07:33:07+00:00\",\"dateModified\":\"2022-07-06T13:52:16+00:00\",\"mainEntityOfPage\":{\"@id\":\"https:\/\/www.sub360.ch\/fr\/2021\/4286-schweizerischer-baumeisterverband-fordert-am-tag-der-bauwirtschaft-modernisierung-des-gebaeudeparks\"},\"wordCount\":662,\"publisher\":{\"@id\":\"https:\/\/www.sub360.ch\/fr#organization\"},\"articleSection\":[\"Non classifi\u00e9(e)\"],\"inLanguage\":\"fr-FR\"},{\"@type\":\"WebPage\",\"@id\":\"https:\/\/www.sub360.ch\/fr\/2021\/4286-schweizerischer-baumeisterverband-fordert-am-tag-der-bauwirtschaft-modernisierung-des-gebaeudeparks\",\"url\":\"https:\/\/www.sub360.ch\/fr\/2021\/4286-schweizerischer-baumeisterverband-fordert-am-tag-der-bauwirtschaft-modernisierung-des-gebaeudeparks\",\"name\":\"L'Association suisse des ma\u00eetres d'ouvrage appelle \u00e0 la modernisation du parc immobilier \u00e0 l'occasion de la Journ\u00e9e de la construction - sub360.ch\",\"isPartOf\":{\"@id\":\"https:\/\/www.sub360.ch\/fr#website\"},\"datePublished\":\"2021-07-21T07:33:07+00:00\",\"dateModified\":\"2022-07-06T13:52:16+00:00\",\"breadcrumb\":{\"@id\":\"https:\/\/www.sub360.ch\/fr\/2021\/4286-schweizerischer-baumeisterverband-fordert-am-tag-der-bauwirtschaft-modernisierung-des-gebaeudeparks#breadcrumb\"},\"inLanguage\":\"fr-FR\",\"potentialAction\":[{\"@type\":\"ReadAction\",\"target\":[\"https:\/\/www.sub360.ch\/fr\/2021\/4286-schweizerischer-baumeisterverband-fordert-am-tag-der-bauwirtschaft-modernisierung-des-gebaeudeparks\"]}]},{\"@type\":\"BreadcrumbList\",\"@id\":\"https:\/\/www.sub360.ch\/fr\/2021\/4286-schweizerischer-baumeisterverband-fordert-am-tag-der-bauwirtschaft-modernisierung-des-gebaeudeparks#breadcrumb\",\"itemListElement\":[{\"@type\":\"ListItem\",\"position\":1,\"name\":\"Home\",\"item\":\"https:\/\/www.sub360.ch\/fr\/software-hub-homepage\"},{\"@type\":\"ListItem\",\"position\":2,\"name\":\"L&#8217;Association suisse des ma\u00eetres d&#8217;ouvrage appelle \u00e0 la modernisation du parc immobilier \u00e0 l&#8217;occasion de la Journ\u00e9e de la construction\"}]},{\"@type\":\"WebSite\",\"@id\":\"https:\/\/www.sub360.ch\/fr#website\",\"url\":\"https:\/\/www.sub360.ch\/fr\",\"name\":\"sub360.ch\",\"description\":\"Plattform f\u00fcr Subunternehmen und Auftraggeber\",\"publisher\":{\"@id\":\"https:\/\/www.sub360.ch\/fr#organization\"},\"potentialAction\":[{\"@type\":\"SearchAction\",\"target\":{\"@type\":\"EntryPoint\",\"urlTemplate\":\"https:\/\/www.sub360.ch\/fr?s={search_term_string}\"},\"query-input\":\"required name=search_term_string\"}],\"inLanguage\":\"fr-FR\"},{\"@type\":\"Organization\",\"@id\":\"https:\/\/www.sub360.ch\/fr#organization\",\"name\":\"sub360.ch\",\"url\":\"https:\/\/www.sub360.ch\/fr\",\"sameAs\":[\"https:\/\/www.instagram.com\/sub360.ch\/\",\"https:\/\/www.linkedin.com\/company\/sub360-ag\",\"https:\/\/www.facebook.com\/sub360ch-109756541395501\/\"],\"logo\":{\"@type\":\"ImageObject\",\"inLanguage\":\"fr-FR\",\"@id\":\"https:\/\/www.sub360.ch\/fr#\/schema\/logo\/image\/\",\"url\":\"https:\/\/www.sub360.ch\/wp-content\/uploads\/2021\/07\/Logo_Slogan_Sub360_pos_rgb.svg\",\"contentUrl\":\"https:\/\/www.sub360.ch\/wp-content\/uploads\/2021\/07\/Logo_Slogan_Sub360_pos_rgb.svg\",\"width\":\"1024\",\"height\":\"1024\",\"caption\":\"sub360.ch\"},\"image\":{\"@id\":\"https:\/\/www.sub360.ch\/fr#\/schema\/logo\/image\/\"}},{\"@type\":\"Person\",\"@id\":\"https:\/\/www.sub360.ch\/fr#\/schema\/person\/f206a49451274016ddc5ead6645d379d\",\"name\":\"sub360user\",\"image\":{\"@type\":\"ImageObject\",\"inLanguage\":\"fr-FR\",\"@id\":\"https:\/\/www.sub360.ch\/fr#\/schema\/person\/image\/\",\"url\":\"https:\/\/secure.gravatar.com\/avatar\/51356910c8c6f21b3d97f21230a6f114?s=96&d=blank&r=g\",\"contentUrl\":\"https:\/\/secure.gravatar.com\/avatar\/51356910c8c6f21b3d97f21230a6f114?s=96&d=blank&r=g\",\"caption\":\"sub360user\"},\"url\":\"https:\/\/www.sub360.ch\/fr\/author\/sub360user\"}]}<\/script>\n<!-- \/ Yoast SEO plugin. -->","yoast_head_json":{"title":"L'Association suisse des ma\u00eetres d'ouvrage appelle \u00e0 la modernisation du parc immobilier \u00e0 l'occasion de la Journ\u00e9e de la construction - sub360.ch","robots":{"index":"index","follow":"follow","max-snippet":"max-snippet:-1","max-image-preview":"max-image-preview:large","max-video-preview":"max-video-preview:-1"},"canonical":"https:\/\/www.sub360.ch\/fr\/2021\/4286-schweizerischer-baumeisterverband-fordert-am-tag-der-bauwirtschaft-modernisierung-des-gebaeudeparks","og_locale":"fr_FR","og_type":"article","og_title":"L'Association suisse des ma\u00eetres d'ouvrage appelle \u00e0 la modernisation du parc immobilier \u00e0 l'occasion de la Journ\u00e9e de la construction - sub360.ch","og_description":"&#13; Um die Klimaziele zu erreichen, die Ressource Boden zu schonen und gleichzeitig der Bev\u00f6lkerung den ben\u00f6tigten Wohnraum zur Verf\u00fcgung stellen zu k\u00f6nnen, braucht es zwingend eine Offensive in der Modernisierung des Geb\u00e4udeparks \u2013 insbesondere im urbanen Gebiet, aber nicht ausschliesslich. Dies ist die Hauptbotschaft des Schweizerischen Baumeisterverbands (SBV) zum Tag der Bauwirtschaft. Corona-bedingt findet [&hellip;]","og_url":"https:\/\/www.sub360.ch\/fr\/2021\/4286-schweizerischer-baumeisterverband-fordert-am-tag-der-bauwirtschaft-modernisierung-des-gebaeudeparks","og_site_name":"sub360.ch","article_publisher":"https:\/\/www.facebook.com\/sub360ch-109756541395501\/","article_published_time":"2021-07-21T07:33:07+00:00","article_modified_time":"2022-07-06T13:52:16+00:00","og_image":[{"width":2560,"height":1707,"url":"https:\/\/www.sub360.ch\/wp-content\/uploads\/2021\/07\/Photo_TdB_light-scaled-1.jpg","type":"image\/jpeg"}],"author":"sub360user","twitter_card":"summary_large_image","twitter_misc":{"\u00c9crit par":"sub360user","Dur\u00e9e de lecture estim\u00e9e":"3 minutes"},"schema":{"@context":"https:\/\/schema.org","@graph":[{"@type":"Article","@id":"https:\/\/www.sub360.ch\/fr\/2021\/4286-schweizerischer-baumeisterverband-fordert-am-tag-der-bauwirtschaft-modernisierung-des-gebaeudeparks#article","isPartOf":{"@id":"https:\/\/www.sub360.ch\/fr\/2021\/4286-schweizerischer-baumeisterverband-fordert-am-tag-der-bauwirtschaft-modernisierung-des-gebaeudeparks"},"author":{"name":"sub360user","@id":"https:\/\/www.sub360.ch\/fr#\/schema\/person\/f206a49451274016ddc5ead6645d379d"},"headline":"L&rsquo;Association suisse des ma\u00eetres d&rsquo;ouvrage appelle \u00e0 la modernisation du parc immobilier \u00e0 l&rsquo;occasion de la Journ\u00e9e de la construction","datePublished":"2021-07-21T07:33:07+00:00","dateModified":"2022-07-06T13:52:16+00:00","mainEntityOfPage":{"@id":"https:\/\/www.sub360.ch\/fr\/2021\/4286-schweizerischer-baumeisterverband-fordert-am-tag-der-bauwirtschaft-modernisierung-des-gebaeudeparks"},"wordCount":662,"publisher":{"@id":"https:\/\/www.sub360.ch\/fr#organization"},"articleSection":["Non classifi\u00e9(e)"],"inLanguage":"fr-FR"},{"@type":"WebPage","@id":"https:\/\/www.sub360.ch\/fr\/2021\/4286-schweizerischer-baumeisterverband-fordert-am-tag-der-bauwirtschaft-modernisierung-des-gebaeudeparks","url":"https:\/\/www.sub360.ch\/fr\/2021\/4286-schweizerischer-baumeisterverband-fordert-am-tag-der-bauwirtschaft-modernisierung-des-gebaeudeparks","name":"L'Association suisse des ma\u00eetres d'ouvrage appelle \u00e0 la modernisation du parc immobilier \u00e0 l'occasion de la Journ\u00e9e de la construction - sub360.ch","isPartOf":{"@id":"https:\/\/www.sub360.ch\/fr#website"},"datePublished":"2021-07-21T07:33:07+00:00","dateModified":"2022-07-06T13:52:16+00:00","breadcrumb":{"@id":"https:\/\/www.sub360.ch\/fr\/2021\/4286-schweizerischer-baumeisterverband-fordert-am-tag-der-bauwirtschaft-modernisierung-des-gebaeudeparks#breadcrumb"},"inLanguage":"fr-FR","potentialAction":[{"@type":"ReadAction","target":["https:\/\/www.sub360.ch\/fr\/2021\/4286-schweizerischer-baumeisterverband-fordert-am-tag-der-bauwirtschaft-modernisierung-des-gebaeudeparks"]}]},{"@type":"BreadcrumbList","@id":"https:\/\/www.sub360.ch\/fr\/2021\/4286-schweizerischer-baumeisterverband-fordert-am-tag-der-bauwirtschaft-modernisierung-des-gebaeudeparks#breadcrumb","itemListElement":[{"@type":"ListItem","position":1,"name":"Home","item":"https:\/\/www.sub360.ch\/fr\/software-hub-homepage"},{"@type":"ListItem","position":2,"name":"L&#8217;Association suisse des ma\u00eetres d&#8217;ouvrage appelle \u00e0 la modernisation du parc immobilier \u00e0 l&#8217;occasion de la Journ\u00e9e de la construction"}]},{"@type":"WebSite","@id":"https:\/\/www.sub360.ch\/fr#website","url":"https:\/\/www.sub360.ch\/fr","name":"sub360.ch","description":"Plattform f\u00fcr Subunternehmen und Auftraggeber","publisher":{"@id":"https:\/\/www.sub360.ch\/fr#organization"},"potentialAction":[{"@type":"SearchAction","target":{"@type":"EntryPoint","urlTemplate":"https:\/\/www.sub360.ch\/fr?s={search_term_string}"},"query-input":"required name=search_term_string"}],"inLanguage":"fr-FR"},{"@type":"Organization","@id":"https:\/\/www.sub360.ch\/fr#organization","name":"sub360.ch","url":"https:\/\/www.sub360.ch\/fr","sameAs":["https:\/\/www.instagram.com\/sub360.ch\/","https:\/\/www.linkedin.com\/company\/sub360-ag","https:\/\/www.facebook.com\/sub360ch-109756541395501\/"],"logo":{"@type":"ImageObject","inLanguage":"fr-FR","@id":"https:\/\/www.sub360.ch\/fr#\/schema\/logo\/image\/","url":"https:\/\/www.sub360.ch\/wp-content\/uploads\/2021\/07\/Logo_Slogan_Sub360_pos_rgb.svg","contentUrl":"https:\/\/www.sub360.ch\/wp-content\/uploads\/2021\/07\/Logo_Slogan_Sub360_pos_rgb.svg","width":"1024","height":"1024","caption":"sub360.ch"},"image":{"@id":"https:\/\/www.sub360.ch\/fr#\/schema\/logo\/image\/"}},{"@type":"Person","@id":"https:\/\/www.sub360.ch\/fr#\/schema\/person\/f206a49451274016ddc5ead6645d379d","name":"sub360user","image":{"@type":"ImageObject","inLanguage":"fr-FR","@id":"https:\/\/www.sub360.ch\/fr#\/schema\/person\/image\/","url":"https:\/\/secure.gravatar.com\/avatar\/51356910c8c6f21b3d97f21230a6f114?s=96&d=blank&r=g","contentUrl":"https:\/\/secure.gravatar.com\/avatar\/51356910c8c6f21b3d97f21230a6f114?s=96&d=blank&r=g","caption":"sub360user"},"url":"https:\/\/www.sub360.ch\/fr\/author\/sub360user"}]}},"_links":{"self":[{"href":"https:\/\/www.sub360.ch\/fr\/wp-json\/wp\/v2\/posts\/4286"}],"collection":[{"href":"https:\/\/www.sub360.ch\/fr\/wp-json\/wp\/v2\/posts"}],"about":[{"href":"https:\/\/www.sub360.ch\/fr\/wp-json\/wp\/v2\/types\/post"}],"author":[{"embeddable":true,"href":"https:\/\/www.sub360.ch\/fr\/wp-json\/wp\/v2\/users\/50"}],"replies":[{"embeddable":true,"href":"https:\/\/www.sub360.ch\/fr\/wp-json\/wp\/v2\/comments?post=4286"}],"version-history":[{"count":1,"href":"https:\/\/www.sub360.ch\/fr\/wp-json\/wp\/v2\/posts\/4286\/revisions"}],"predecessor-version":[{"id":7227,"href":"https:\/\/www.sub360.ch\/fr\/wp-json\/wp\/v2\/posts\/4286\/revisions\/7227"}],"wp:featuredmedia":[{"embeddable":true,"href":"https:\/\/www.sub360.ch\/fr\/wp-json\/wp\/v2\/media\/3627"}],"wp:attachment":[{"href":"https:\/\/www.sub360.ch\/fr\/wp-json\/wp\/v2\/media?parent=4286"}],"wp:term":[{"taxonomy":"category","embeddable":true,"href":"https:\/\/www.sub360.ch\/fr\/wp-json\/wp\/v2\/categories?post=4286"},{"taxonomy":"post_tag","embeddable":true,"href":"https:\/\/www.sub360.ch\/fr\/wp-json\/wp\/v2\/tags?post=4286"}],"curies":[{"name":"wp","href":"https:\/\/api.w.org\/{rel}","templated":true}]}}